{"id":10718,"date":"2025-09-03T00:29:08","date_gmt":"2025-09-03T04:29:08","guid":{"rendered":"https:\/\/www.anrfmontreal.ca\/?p=10718"},"modified":"2025-09-03T00:29:08","modified_gmt":"2025-09-03T04:29:08","slug":"60-years-of-history-advocacy-lets-celebrate-together","status":"publish","type":"post","link":"https:\/\/www.anrfmontreal.ca\/en\/60-years-of-history-advocacy-lets-celebrate-together\/","title":{"rendered":"60 Years of History &#038; Advocacy ! Let&#8217;s Celebrate Together !"},"content":{"rendered":"<p data-start=\"56\" data-end=\"75\"><strong data-start=\"56\" data-end=\"73\">Dear Members,<\/strong><\/p>\n<p data-start=\"77\" data-end=\"198\"><strong>In 2026, the Montr\u00e9al Branch will celebrate <span style=\"color: #993300;\">60 years of commitment, advocacy, and achievements in defending our rights.<\/span><\/strong><\/p>\n<p data-start=\"200\" data-end=\"349\"><strong>To mark this milestone, three events will take place in <span style=\"color: #993300;\">Laval, Mont\u00e9r\u00e9gie, and Montr\u00e9al<\/span> \u2014 a unique opportunity to celebrate our collective journey.<\/strong><\/p>\n<p data-start=\"351\" data-end=\"465\"><span style=\"color: #993300;\"><strong>Three locations, three key moments, and a culminating celebration in Montr\u00e9al \u2014 it promises to be unforgettable!<\/strong><\/span><\/p>\n<p data-start=\"467\" data-end=\"625\"><strong data-start=\"467\" data-end=\"486\">On the program:<\/strong><br data-start=\"486\" data-end=\"489\" \/><strong>\u2728 Inspiring testimonials<\/strong><br data-start=\"513\" data-end=\"516\" \/><strong>\ud83c\udfb6 Artistic performances<\/strong><br data-start=\"540\" data-end=\"543\" \/><strong>\ud83d\udcdc A retrospective of major victories<\/strong><br data-start=\"580\" data-end=\"583\" \/><strong>\ud83e\udd1d Moments of fellowship and recognition<\/strong><\/p>\n<p data-start=\"627\" data-end=\"677\"><strong>Your participation will make all the difference.<\/strong><\/p>\n<p data-start=\"679\" data-end=\"796\"><strong>More details will be shared in the coming months, so stay tuned to your emails, our website, and our Facebook page.<\/strong><\/p>\n","protected":false},"excerpt":{"rendered":"<p>Dear Members, In 2026, the Montr\u00e9al Branch will celebrate 60 years of commitment, advocacy, and achievements in defending our rights. To mark this milestone, three events will take place in [&hellip;]<\/p>\n","protected":false},"author":15,"featured_media":10736,"comment_status":"closed","ping_status":"closed","sticky":false,"template":"","format":"standard","meta":{"footnotes":""},"categories":[144],"tags":[],"class_list":["post-10718","post","type-post","status-publish","format-standard","has-post-thumbnail","hentry","category-news"],"publishpress_future_action":{"enabled":false,"date":"2026-05-04 14:31:45","action":"change-status","newStatus":"draft","terms":[],"taxonomy":"category"},"_links":{"self":[{"href":"https:\/\/www.anrfmontreal.ca\/en\/wp-json\/wp\/v2\/posts\/10718"}],"collection":[{"href":"https:\/\/www.anrfmontreal.ca\/en\/wp-json\/wp\/v2\/posts"}],"about":[{"href":"https:\/\/www.anrfmontreal.ca\/en\/wp-json\/wp\/v2\/types\/post"}],"author":[{"embeddable":true,"href":"https:\/\/www.anrfmontreal.ca\/en\/wp-json\/wp\/v2\/users\/15"}],"replies":[{"embeddable":true,"href":"https:\/\/www.anrfmontreal.ca\/en\/wp-json\/wp\/v2\/comments?post=10718"}],"version-history":[{"count":2,"href":"https:\/\/www.anrfmontreal.ca\/en\/wp-json\/wp\/v2\/posts\/10718\/revisions"}],"predecessor-version":[{"id":10720,"href":"https:\/\/www.anrfmontreal.ca\/en\/wp-json\/wp\/v2\/posts\/10718\/revisions\/10720"}],"wp:featuredmedia":[{"embeddable":true,"href":"https:\/\/www.anrfmontreal.ca\/en\/wp-json\/wp\/v2\/media\/10736"}],"wp:attachment":[{"href":"https:\/\/www.anrfmontreal.ca\/en\/wp-json\/wp\/v2\/media?parent=10718"}],"wp:term":[{"taxonomy":"category","embeddable":true,"href":"https:\/\/www.anrfmontreal.ca\/en\/wp-json\/wp\/v2\/categories?post=10718"},{"taxonomy":"post_tag","embeddable":true,"href":"https:\/\/www.anrfmontreal.ca\/en\/wp-json\/wp\/v2\/tags?post=10718"}],"curies":[{"name":"wp","href":"https:\/\/api.w.org\/{rel}","templated":true}]}}